{"id":34,"date":"2015-12-29T12:41:11","date_gmt":"2015-12-29T11:41:11","guid":{"rendered":"http:\/\/www.sophiepuibaraud.com\/?p=34"},"modified":"2025-12-09T08:12:11","modified_gmt":"2025-12-09T08:12:11","slug":"actualites","status":"publish","type":"post","link":"https:\/\/sophiepuibaraud.com\/fr\/actualites\/","title":{"rendered":"Actualit\u00e9s"},"content":{"rendered":"<p><\/p>\n<table style=\"height: 335px\" width=\"702\">\n<tbody>\n<tr>\n<td style=\"width: 678px\"><strong><img loading=\"lazy\" decoding=\"async\" class=\"size-medium wp-image-507 alignleft\" src=\"https:\/\/sophiepuibaraud.com\/wp-content\/uploads\/sites\/10\/2015\/12\/Affiche-EEAV-213x300.jpeg\" alt=\"\" width=\"213\" height=\"300\" srcset=\"https:\/\/sophiepuibaraud.com\/wp-content\/uploads\/sites\/10\/2015\/12\/Affiche-EEAV-213x300.jpeg 213w, https:\/\/sophiepuibaraud.com\/wp-content\/uploads\/sites\/10\/2015\/12\/Affiche-EEAV-768x1080.jpeg 768w, https:\/\/sophiepuibaraud.com\/wp-content\/uploads\/sites\/10\/2015\/12\/Affiche-EEAV-728x1024.jpeg 728w, https:\/\/sophiepuibaraud.com\/wp-content\/uploads\/sites\/10\/2015\/12\/Affiche-EEAV-700x984.jpeg 700w\" sizes=\"auto, (max-width: 213px) 100vw, 213px\" \/>\u00a0<\/strong><\/p>\n<p><strong>Elle est \u00e0 Vous &#8211; <b>Maurice Yvain<\/b><\/strong><\/p>\n<p><strong>Direction musicale<\/strong><\/p>\n<p>Troupe des Echapp\u00e9s de Charenton<\/p>\n<p>Th\u00e9\u00e2tre des\u00a02 Rives, Charenton-le-Pont<\/p>\n<p>07\u00a0F\u00e9vrier 2018<\/p>\n<p><a href=\"http:\/\/www.echappes.fr\/\">http:\/\/www.echappes.fr\/<\/a><\/p>\n<p>&nbsp;<\/p>\n<table width=\"700\">\n<tbody>\n<tr>\n<td><\/td>\n<\/tr>\n<\/tbody>\n<\/table>\n<p><img loading=\"lazy\" decoding=\"async\" class=\"size-medium wp-image-508 alignleft\" src=\"https:\/\/sophiepuibaraud.com\/wp-content\/uploads\/sites\/10\/2015\/12\/Concert-10-d\u00e9cembre-Tours-212x300.jpg\" alt=\"\" width=\"212\" height=\"300\" srcset=\"https:\/\/sophiepuibaraud.com\/wp-content\/uploads\/sites\/10\/2015\/12\/Concert-10-d\u00e9cembre-Tours-212x300.jpg 212w, https:\/\/sophiepuibaraud.com\/wp-content\/uploads\/sites\/10\/2015\/12\/Concert-10-d\u00e9cembre-Tours-768x1086.jpg 768w, https:\/\/sophiepuibaraud.com\/wp-content\/uploads\/sites\/10\/2015\/12\/Concert-10-d\u00e9cembre-Tours-724x1024.jpg 724w, https:\/\/sophiepuibaraud.com\/wp-content\/uploads\/sites\/10\/2015\/12\/Concert-10-d\u00e9cembre-Tours-700x990.jpg 700w, https:\/\/sophiepuibaraud.com\/wp-content\/uploads\/sites\/10\/2015\/12\/Concert-10-d\u00e9cembre-Tours.jpg 1754w\" sizes=\"auto, (max-width: 212px) 100vw, 212px\" \/><\/p>\n<p><strong>Ecoutez&#8230; C&rsquo;est No\u00ebl !<\/strong><\/p>\n<p><strong>Direction musicale<\/strong><\/p>\n<p>C.L.A.C. &#8211; Compagnie Lyrique Atomes Crochus<\/p>\n<p>Eglise Sainte-Jeanne-D&rsquo;Arc, Tours<\/p>\n<p>10 D\u00e9cembre 2017<\/p>\n<p>&nbsp;<\/p>\n<p>&nbsp;<\/p>\n<p>&nbsp;<\/p>\n<table width=\"700\">\n<tbody>\n<tr>\n<td><\/td>\n<\/tr>\n<\/tbody>\n<\/table>\n<p style=\"text-align: left\"><strong><img loading=\"lazy\" decoding=\"async\" class=\"wp-image-453 size-medium alignleft\" src=\"https:\/\/sites.stat4d.com\/sophiepuibaraud\/wp-content\/uploads\/sites\/10\/2015\/12\/Elle-est-\u00e0-vous-Affiche-A4-sans-association-212x300.jpg\" alt=\"\" width=\"212\" height=\"300\" srcset=\"https:\/\/sophiepuibaraud.com\/wp-content\/uploads\/sites\/10\/2015\/12\/Elle-est-\u00e0-vous-Affiche-A4-sans-association-212x300.jpg 212w, https:\/\/sophiepuibaraud.com\/wp-content\/uploads\/sites\/10\/2015\/12\/Elle-est-\u00e0-vous-Affiche-A4-sans-association-768x1086.jpg 768w, https:\/\/sophiepuibaraud.com\/wp-content\/uploads\/sites\/10\/2015\/12\/Elle-est-\u00e0-vous-Affiche-A4-sans-association-724x1024.jpg 724w, https:\/\/sophiepuibaraud.com\/wp-content\/uploads\/sites\/10\/2015\/12\/Elle-est-\u00e0-vous-Affiche-A4-sans-association-700x990.jpg 700w\" sizes=\"auto, (max-width: 212px) 100vw, 212px\" \/><\/strong><\/p>\n<p>&nbsp;<\/p>\n<p style=\"text-align: left\"><strong>Elle est \u00e0 Vous &#8211; <b>Maurice Yvain<\/b><\/strong><\/p>\n<p style=\"text-align: left\"><strong>Direction musicale<\/strong><\/p>\n<p style=\"text-align: left;padding-left: 30px\">Troupe des Pal\u00e9tuviens<\/p>\n<p style=\"text-align: left;padding-left: 30px\">Th\u00e9\u00e2tre Saint L\u00e9on, Paris<\/p>\n<p style=\"text-align: left;padding-left: 30px\"><span style=\"font-size: 15px\">22<\/span>, 23, 24, 25, 26 mars 2017<\/p>\n<p><a href=\"http:\/\/www.paletuviens.fr\/\"><span style=\"color: #0072c6\"><u>www.paletuviens.fr<\/u><\/span><\/a><\/td>\n<\/tr>\n<\/tbody>\n<\/table>\n<p style=\"text-align: left\"><strong><img loading=\"lazy\" decoding=\"async\" class=\"wp-image-444 size-medium alignleft\" src=\"https:\/\/sites.stat4d.com\/sophiepuibaraud\/wp-content\/uploads\/sites\/10\/2015\/12\/Logos-concert-17-juin-copie-236x300.jpg\" alt=\"\" width=\"236\" height=\"300\" srcset=\"https:\/\/sophiepuibaraud.com\/wp-content\/uploads\/sites\/10\/2015\/12\/Logos-concert-17-juin-copie-236x300.jpg 236w, https:\/\/sophiepuibaraud.com\/wp-content\/uploads\/sites\/10\/2015\/12\/Logos-concert-17-juin-copie-700x891.jpg 700w, https:\/\/sophiepuibaraud.com\/wp-content\/uploads\/sites\/10\/2015\/12\/Logos-concert-17-juin-copie.jpg 743w\" sizes=\"auto, (max-width: 236px) 100vw, 236px\" \/><\/strong><\/p>\n<p>&nbsp;<\/p>\n<p style=\"text-align: left\"><strong>Concert de printemps<\/strong><\/p>\n<p style=\"text-align: left\"><strong>Direction musicale<\/strong><\/p>\n<p style=\"text-align: left;padding-left: 30px\">Orchestre de l&rsquo;Association Ch\u0153ur et Orchestre Musical Est &amp; Orchestre de La Ville aux Dames<\/p>\n<p style=\"text-align: left;padding-left: 30px\">Salle Maria Callas, La Ville aux Dames<\/p>\n<p style=\"text-align: left;padding-left: 30px\"><span style=\"font-size: 15px\">17 juin 2016<\/span><\/p>\n<table style=\"height: 35px\" width=\"700\">\n<tbody>\n<tr>\n<td style=\"width: 678px\"><\/td>\n<\/tr>\n<\/tbody>\n<\/table>\n<p style=\"text-align: left\"><strong>L&rsquo;\u0152uf \u00e0 Voiles &#8211; <b>Guy Lafarge<\/b><img loading=\"lazy\" decoding=\"async\" class=\"wp-image-324 size-medium alignleft\" src=\"https:\/\/sites.stat4d.com\/sophiepuibaraud\/wp-content\/uploads\/sites\/10\/2015\/12\/OAV-affiche-7-dates-A4-212x300.jpeg\" alt=\"\" width=\"212\" height=\"300\" srcset=\"https:\/\/sophiepuibaraud.com\/wp-content\/uploads\/sites\/10\/2015\/12\/OAV-affiche-7-dates-A4-212x300.jpeg 212w, https:\/\/sophiepuibaraud.com\/wp-content\/uploads\/sites\/10\/2015\/12\/OAV-affiche-7-dates-A4-768x1086.jpeg 768w, https:\/\/sophiepuibaraud.com\/wp-content\/uploads\/sites\/10\/2015\/12\/OAV-affiche-7-dates-A4-724x1024.jpeg 724w, https:\/\/sophiepuibaraud.com\/wp-content\/uploads\/sites\/10\/2015\/12\/OAV-affiche-7-dates-A4-700x990.jpeg 700w\" sizes=\"auto, (max-width: 212px) 100vw, 212px\" \/><\/strong><\/p>\n<p style=\"text-align: left\"><strong>Direction musicale<\/strong><\/p>\n<p style=\"text-align: left;padding-left: 30px\">Troupe des Pal\u00e9tuviens<\/p>\n<p style=\"text-align: left;padding-left: 30px\">Th\u00e9\u00e2tre Saint L\u00e9on, Paris<\/p>\n<p style=\"text-align: left;padding-left: 30px\"><span style=\"font-size: 15px\">29<\/span>, 30, 31 mars 2016<\/p>\n<p style=\"text-align: left;padding-left: 30px\">1er, 2, 3 avril 2016<\/p>\n<p style=\"text-align: left;padding-left: 30px\"><a href=\"http:\/\/www.paletuviens.fr\/\"><span style=\"color: #0072c6\"><u>www.paletuviens.fr<\/u><\/span><\/a><\/p>\n<table>\n<tbody>\n<tr>\n<td><\/td>\n<\/tr>\n<\/tbody>\n<\/table>\n<p style=\"text-align: left\"><strong><img loading=\"lazy\" decoding=\"async\" class=\"wp-image-381 size-medium alignleft\" src=\"https:\/\/sites.stat4d.com\/sophiepuibaraud\/wp-content\/uploads\/sites\/10\/2015\/12\/Affiche-Bouche-a-Bouche-V5-bdef-212x300.jpg\" alt=\"\" width=\"212\" height=\"300\" srcset=\"https:\/\/sophiepuibaraud.com\/wp-content\/uploads\/sites\/10\/2015\/12\/Affiche-Bouche-a-Bouche-V5-bdef-212x300.jpg 212w, https:\/\/sophiepuibaraud.com\/wp-content\/uploads\/sites\/10\/2015\/12\/Affiche-Bouche-a-Bouche-V5-bdef-768x1086.jpg 768w, https:\/\/sophiepuibaraud.com\/wp-content\/uploads\/sites\/10\/2015\/12\/Affiche-Bouche-a-Bouche-V5-bdef-724x1024.jpg 724w, https:\/\/sophiepuibaraud.com\/wp-content\/uploads\/sites\/10\/2015\/12\/Affiche-Bouche-a-Bouche-V5-bdef-700x990.jpg 700w, https:\/\/sophiepuibaraud.com\/wp-content\/uploads\/sites\/10\/2015\/12\/Affiche-Bouche-a-Bouche-V5-bdef.jpg 1503w\" sizes=\"auto, (max-width: 212px) 100vw, 212px\" \/>Bouche \u00e0 Bouche &#8211; <b>Maurice Yvain<\/b><\/strong><\/p>\n<p style=\"text-align: left\"><strong>Direction musicale<\/strong><\/p>\n<p style=\"text-align: left;padding-left: 30px\">Troupe des Pal\u00e9tuviens<\/p>\n<p style=\"text-align: left;padding-left: 30px\">Th\u00e9\u00e2tre D\u00e9jazet, Paris<\/p>\n<p style=\"text-align: left;padding-left: 30px\"><span style=\"font-size: 15px\">20<\/span>, 21, 22 juin 2013<\/p>\n<p style=\"text-align: left;padding-left: 30px\">Th\u00e9\u00e2tre Saint L\u00e9on, Paris<\/p>\n<p style=\"text-align: left;padding-left: 30px\"><span style=\"font-size: 15px\">16<\/span>, 18, 19, 20 octobre 2013<\/p>\n<table>\n<tbody>\n<tr>\n<td><\/td>\n<\/tr>\n<\/tbody>\n<\/table>\n<p style=\"text-align: left;padding-left: 30px\"><b><img loading=\"lazy\" decoding=\"async\" class=\"size-medium wp-image-491 alignleft\" src=\"https:\/\/sites.stat4d.com\/sophiepuibaraud\/wp-content\/uploads\/sites\/10\/2015\/12\/Bio-1-ok-289x300.png\" alt=\"\" width=\"289\" height=\"300\" srcset=\"https:\/\/sophiepuibaraud.com\/wp-content\/uploads\/sites\/10\/2015\/12\/Bio-1-ok-289x300.png 289w, https:\/\/sophiepuibaraud.com\/wp-content\/uploads\/sites\/10\/2015\/12\/Bio-1-ok.png 530w\" sizes=\"auto, (max-width: 289px) 100vw, 289px\" \/><\/b><\/p>\n<p style=\"text-align: left;padding-left: 30px\"><b>Neharo&rsquo;t Neharo&rsquo;t &#8211; Betty Olivero<\/b><\/p>\n<p style=\"text-align: left;padding-left: 30px\"><strong>Direction musicale<\/strong><\/p>\n<p style=\"text-align: left;padding-left: 30px\">Thessaloniki State Symphony Orchestra<\/p>\n<p style=\"text-align: left;padding-left: 30px\">Thessaloniki Concert Hall, Gr\u00e8ce<\/p>\n<p style=\"text-align: left;padding-left: 30px\"><span style=\"font-size: 15px\">8 <\/span>mars 2013<\/p>\n<table>\n<tbody>\n<tr>\n<td><\/td>\n<\/tr>\n<\/tbody>\n<\/table>\n<p style=\"text-align: left;padding-left: 30px\"><b><img loading=\"lazy\" decoding=\"async\" class=\"wp-image-384 alignleft\" src=\"http:\/\/sites.stat4d.com\/sophiepuibaraud\/wp-content\/uploads\/sites\/10\/2015\/12\/Vie-Parisienne.jpg\" alt=\"Vie Parisienne\" width=\"265\" height=\"391\" srcset=\"https:\/\/sophiepuibaraud.com\/wp-content\/uploads\/sites\/10\/2015\/12\/Vie-Parisienne.jpg 422w, https:\/\/sophiepuibaraud.com\/wp-content\/uploads\/sites\/10\/2015\/12\/Vie-Parisienne-204x300.jpg 204w\" sizes=\"auto, (max-width: 265px) 100vw, 265px\" \/><\/b><\/p>\n<p style=\"text-align: left;padding-left: 30px\"><b>La vie parisienne &#8211; <\/b><b>Jacques Offenbach<\/b><\/p>\n<p style=\"text-align: left;padding-left: 30px\"><strong>Direction musicale<\/strong><\/p>\n<p style=\"text-align: left;padding-left: 30px\">Son et lumi\u00e8re<\/p>\n<p style=\"text-align: left;padding-left: 30px\">Ch\u00e2teau du Merle Blanc, Avrainville<\/p>\n<p style=\"text-align: left;padding-left: 30px\"><span style=\"font-size: 15px\">07<\/span>, 08 juin 2013<\/p>\n<p><\/p>","protected":false},"excerpt":{"rendered":"<p>\u00a0 Elle est \u00e0 Vous &#8211; Maurice Yvain Direction musicale Troupe des Echapp\u00e9s de Charenton Th\u00e9\u00e2tre des\u00a02 Rives, Charenton-le-Pont 07\u00a0F\u00e9vrier 2018 http:\/\/www.echappes.fr\/ &nbsp; Ecoutez&#8230; C&rsquo;est No\u00ebl ! Direction musicale C.L.A.C. &#8211; Compagnie Lyrique Atomes Crochus Eglise Sainte-Jeanne-D&rsquo;Arc, Tours 10 D\u00e9cembre 2017 &nbsp; &nbsp; &nbsp; &nbsp; Elle est \u00e0 Vous &#8211; Maurice Yvain Direction musicale Troupe [&hellip;]<\/p>\n","protected":false},"author":1,"featured_media":151,"comment_status":"closed","ping_status":"open","sticky":false,"template":"","format":"standard","meta":{"_exactmetrics_skip_tracking":false,"_exactmetrics_sitenote_active":false,"_exactmetrics_sitenote_note":"","_exactmetrics_sitenote_category":0,"footnotes":""},"categories":[2,1],"tags":[],"class_list":["post-34","post","type-post","status-publish","format-standard","has-post-thumbnail","hentry","category-non-classe","category-uncategorized"],"_links":{"self":[{"href":"https:\/\/sophiepuibaraud.com\/fr\/wp-json\/wp\/v2\/posts\/34","targetHints":{"allow":["GET"]}}],"collection":[{"href":"https:\/\/sophiepuibaraud.com\/fr\/wp-json\/wp\/v2\/posts"}],"about":[{"href":"https:\/\/sophiepuibaraud.com\/fr\/wp-json\/wp\/v2\/types\/post"}],"author":[{"embeddable":true,"href":"https:\/\/sophiepuibaraud.com\/fr\/wp-json\/wp\/v2\/users\/1"}],"replies":[{"embeddable":true,"href":"https:\/\/sophiepuibaraud.com\/fr\/wp-json\/wp\/v2\/comments?post=34"}],"version-history":[{"count":14,"href":"https:\/\/sophiepuibaraud.com\/fr\/wp-json\/wp\/v2\/posts\/34\/revisions"}],"predecessor-version":[{"id":519,"href":"https:\/\/sophiepuibaraud.com\/fr\/wp-json\/wp\/v2\/posts\/34\/revisions\/519"}],"wp:featuredmedia":[{"embeddable":true,"href":"https:\/\/sophiepuibaraud.com\/fr\/wp-json\/wp\/v2\/media\/151"}],"wp:attachment":[{"href":"https:\/\/sophiepuibaraud.com\/fr\/wp-json\/wp\/v2\/media?parent=34"}],"wp:term":[{"taxonomy":"category","embeddable":true,"href":"https:\/\/sophiepuibaraud.com\/fr\/wp-json\/wp\/v2\/categories?post=34"},{"taxonomy":"post_tag","embeddable":true,"href":"https:\/\/sophiepuibaraud.com\/fr\/wp-json\/wp\/v2\/tags?post=34"}],"curies":[{"name":"wp","href":"https:\/\/api.w.org\/{rel}","templated":true}]}}